{"id":101,"date":"2011-11-01T07:39:38","date_gmt":"2011-11-01T07:39:38","guid":{"rendered":"http:\/\/silvopas.ctfc.cat\/?p=101"},"modified":"2016-01-06T10:43:09","modified_gmt":"2016-01-06T10:43:09","slug":"symposium-proceedings-3","status":"publish","type":"post","link":"https:\/\/silvopas.ctfc.cat\/?p=101","title":{"rendered":"Symposium proceedings"},"content":{"rendered":"<p><strong>R\u00edos A.I.<\/strong>, Aguila V., Guix\u00e9 D.,\u00a0 Camprodon J., Caritat A., <strong>Casals P. <\/strong>2014. Water stress (\u03b413C) in Taxus baccata L. depends on canopy cover and basal area of the neighboring trees. IV International Yew Workshop, October, 23-25, 2014. Poblet (Spain).<\/p>\n<p><strong>R\u00edos A. I.<\/strong>, Garc\u00eda-Mart\u00ed X., Guix\u00e9 D., <strong>Casals P.,<\/strong> Caritat A., Camprodon J. 2014. Producci\u00f3n de pl\u00e1ntulas de Taxus baccata para el refuerzo poblacional en las principales tejedas de Catalunya. IV International Yew Workshop, October, 23-25, 2014. Poblet (Spain).<\/p>\n<p><strong>R\u00edos AI,<\/strong> Oliver X, Castro S,<strong> Casals P<\/strong>, 2012. El tancament del bosc disminueix el potencial reproductiu de l\u2019endemisme pirenaico-oriental: <em>Polygala vayredae<\/em> Costa a la Alta Garrotxa. <em>Llibre de resums de les III Jornades Catalanes de Conservaci\u00f3 de Flora<\/em>.<\/p>\n<p><strong>Taull M.,<\/strong> Baiges, T., <strong>Casals, P<\/strong>. 2012 Producci\u00f3n herb\u00e1cea, calidad del pasto y carga ganadera en diferentes rodales adehesados en Catalunya: efecto del arbolado. Actas LI Reuni\u00f3n Cient\u00edfica de la Sociedad Espa\u00f1ola para el Estudio de los Pastos, 75 &#8211; 80<\/p>\n<p>Razquin M, <strong>Taull M, <\/strong>Otal JA,<strong> <\/strong>Gascouat P, Ferrerr V, Canals R. 2012. Las facer\u00edas internacionales en el Pirineo: ocho siglos de historia de una pol\u00edtica comunitaria. <em>Actas LI Reuni\u00f3n Cient\u00edfica de la Sociedad Espa\u00f1ola para el Estudio de los Pastos,<\/em> 3 &#8211; 28<\/p>\n<p><strong>Taull M<\/strong>, Baiges T, <strong>Casals P.<\/strong> 2012 Producci\u00f3n herb\u00e1cea, calidad del pasto y carga ganadera en diferentes rodales adehesados en Catalunya: efecto del arbolado. <em>Actas LI Reuni\u00f3n Cient\u00edfica de la Sociedad Espa\u00f1ola para el Estudio de los Pastos<\/em>, 75 &#8211; 80<\/p>\n<p><strong>Taull M<\/strong>, Alib\u00e8s N. 2009. Aprofitament ramader d\u2019una finca forestal: gesti\u00f3 de l\u2019arbre, el sotabosc i les zones adevesades en l\u2019explotaci\u00f3 ramadera extensiva. <em>Actes de les XXVI Jornades T\u00e8cniques Silv\u00edcoles<\/em>.<\/p>\n<p>Oliver X, <strong>R\u00edos AI,<\/strong> <strong>Casals P,<\/strong> 2010. Metodolog\u00eda en la priorizaci\u00f3n cualitativa de taxones amenazados en tres sectores de Catalunya (Garrotxa, Ripoll\u00e8s y sector Segarra-Garrigues). <em>Libro de res\u00famenes de las II Jornadas Catalanas de Conservaci\u00f3n de Flora<\/em>. Argania Editio, Barcelona, 88 p\u00e0g. (ISBN: 978-84-93440-1-5).<\/p>\n<p><strong>R\u00edos AI<\/strong>, <strong>Casals P<\/strong>, Conesa JA, Pedrol J, S\u00e1ez L, 2010. Zonas de inter\u00e9s biogeogr\u00e1fico para la conservaci\u00f3n de la flora vascular de La Plana de Lleida. <em>Libro de res\u00famenes de las II Jornadas Catalanas de Conservaci\u00f3n de Flora<\/em>. Argania Editio, Barcelona, 88 p\u00e0g. (ISBN: 978-84-93440-1-5).<\/p>\n<p><strong>Taull M<\/strong>, Simon N, <strong>Casals P,<\/strong> 2007. Caracterizaci\u00f3n del potencial ganadero de los Per\u00edmetros de Protecci\u00f3n Prioritaria para prevenci\u00f3n de incendios en Catalunya. <em>Actas de la XLVII Reuni\u00f3n Cient\u00edfica de la SEEP<\/em><\/p>\n<p>Simon N, T<strong>aull M<\/strong>, <strong>Casals P,<\/strong> 2007. Evaluaci\u00f3n de la presi\u00f3n ganadera sobre la vegetaci\u00f3n de la Serra Major del parque natural de la Sierra del Montsant (Catalunya) y propuesta de alternativas. <em>Actas de la XLVII Reuni\u00f3n Cient\u00edfica de la SEEP<\/em>, 71 \u2013 75<\/p>\n<p>Baiges, T, <strong>Casals P, Taull M,<\/strong> 2007. La gesti\u00f3 silvopastoral, una eina per a al conservaci\u00f3 de les forests catalanes?. <em>II Congr\u00e8s Forestal Catal\u00e0<\/em>. Tarragona.<\/p>\n<p><strong>Montan\u00e9 F<\/strong>, Loaiza JC, <strong>Casals P,<\/strong> 2006. Shrub encroachment does not decrease sequestered soil carbon in mountain grasslands in Spain. <em>Global Change in Mountain Regions<\/em>. \u00a0200- 201<\/p>\n","protected":false},"excerpt":{"rendered":"<p>R\u00edos A.I., Aguila V., Guix\u00e9 D.,\u00a0 Camprodon J., Caritat A., Casals P. 2014. Water stress (\u03b413C) in Taxus baccata L. depends on canopy cover and basal area of the neighboring trees. IV International Yew Workshop, October, 23-25, 2014. Poblet (Spain). R\u00edos A. I., Garc\u00eda-Mart\u00ed X., Guix\u00e9 D., Casals P., Caritat A., Camprodon J. 2014. Producci\u00f3n &#8230; <a title=\"Symposium proceedings\" class=\"read-more\" href=\"https:\/\/silvopas.ctfc.cat\/?p=101\" aria-label=\"More on Symposium proceedings\">Read more<\/a><\/p>\n","protected":false},"author":2,"featured_media":0,"comment_status":"closed","ping_status":"closed","sticky":false,"template":"","format":"standard","meta":{"om_disable_all_campaigns":false,"_mi_skip_tracking":false},"categories":[4],"tags":[],"aioseo_notices":[],"_links":{"self":[{"href":"https:\/\/silvopas.ctfc.cat\/index.php?rest_route=\/wp\/v2\/posts\/101"}],"collection":[{"href":"https:\/\/silvopas.ctfc.cat\/index.php?rest_route=\/wp\/v2\/posts"}],"about":[{"href":"https:\/\/silvopas.ctfc.cat\/index.php?rest_route=\/wp\/v2\/types\/post"}],"author":[{"embeddable":true,"href":"https:\/\/silvopas.ctfc.cat\/index.php?rest_route=\/wp\/v2\/users\/2"}],"replies":[{"embeddable":true,"href":"https:\/\/silvopas.ctfc.cat\/index.php?rest_route=%2Fwp%2Fv2%2Fcomments&post=101"}],"version-history":[{"count":13,"href":"https:\/\/silvopas.ctfc.cat\/index.php?rest_route=\/wp\/v2\/posts\/101\/revisions"}],"predecessor-version":[{"id":572,"href":"https:\/\/silvopas.ctfc.cat\/index.php?rest_route=\/wp\/v2\/posts\/101\/revisions\/572"}],"wp:attachment":[{"href":"https:\/\/silvopas.ctfc.cat\/index.php?rest_route=%2Fwp%2Fv2%2Fmedia&parent=101"}],"wp:term":[{"taxonomy":"category","embeddable":true,"href":"https:\/\/silvopas.ctfc.cat\/index.php?rest_route=%2Fwp%2Fv2%2Fcategories&post=101"},{"taxonomy":"post_tag","embeddable":true,"href":"https:\/\/silvopas.ctfc.cat\/index.php?rest_route=%2Fwp%2Fv2%2Ftags&post=101"}],"curies":[{"name":"wp","href":"https:\/\/api.w.org\/{rel}","templated":true}]}}