{"id":103,"date":"2011-11-01T07:40:23","date_gmt":"2011-11-01T07:40:23","guid":{"rendered":"http:\/\/silvopas.ctfc.cat\/?p=103"},"modified":"2012-06-23T18:44:02","modified_gmt":"2012-06-23T18:44:02","slug":"other-articles","status":"publish","type":"post","link":"https:\/\/silvopas.ctfc.cat\/?p=103","title":{"rendered":"Other articles"},"content":{"rendered":"<p>\u00a0<strong>Taull M, <\/strong>Vives A,<strong> Casals P<\/strong>. 2011. Efecto del pastoreo de ovejas sobre el estrato herb\u00e1ceo en franjas de protecci\u00f3n para incendios forestales. <em>Cuaderno de la Sociedad Espa\u00f1ola de las\u00a0 Ciencias Forestales<\/em> 33, 51 &#8211; 55\u00a0\u00a0\u00a0\u00a0\u00a0\u00a0\u00a0\u00a0\u00a0\u00a0\u00a0\u00a0\u00a0\u00a0\u00a0\u00a0\u00a0\u00a0\u00a0\u00a0\u00a0\u00a0\u00a0\u00a0\u00a0\u00a0\u00a0\u00a0\u00a0\u00a0\u00a0\u00a0 \u00a0\u00a0\u00a0\u00a0\u00a0\u00a0\u00a0\u00a0\u00a0\u00a0\u00a0<\/p>\n<p><strong>Taull M, <\/strong>Vives A,<strong> Casals P.<\/strong> 2011. Efecto del pastoreo de cabras sobre la estructura del sotobosque de un encinar.<em> Cuaderno de la Sociedad Espa\u00f1ola de las\u00a0 Ciencias Forestales<\/em> 33, 57 &#8211; 62<\/p>\n<p>Burriel M, <strong>Casals P<\/strong>, Romany\u00e0 J, 2011. Efecto de la fertilidad del suelo sobre la fijaci\u00f3n biol\u00f3gica de nitr\u00f3geno en cultivos ecol\u00f3gicos extensivos mediterr\u00e1neos. <em>Agricultura y Ganader\u00eda Ecol\u00f3gica,<\/em> 5: 20 &#8211; 23\u00a0\u00a0\u00a0\u00a0\u00a0\u00a0\u00a0\u00a0\u00a0\u00a0<\/p>\n<p><strong>Taull M<\/strong>, Baiges T, 2010. Pasturatge amb bestiar bov\u00ed de zones de bosc: planificaci\u00f3 de l\u2019aprofitament ramader, gesti\u00f3 de l\u2019arbrat i del matoll. <em>Actes de les XXVII Jornades T\u00e8cniques Silv\u00edcoles<\/em>, 44 &#8211; 51<\/p>\n<p><strong>Taull M<\/strong>, Alib\u00e9s N, 2009. Aprofitament ramader d\u2019una finca forestal: gesti\u00f3 de l\u2019arbre, el sotabosc i les zones adevesades en l\u2019explotaci\u00f3 ramadera extensiva. <em>Actes de les XXVI Jornades T\u00e8cniques Silv\u00edcoles<\/em>, 53 &#8211; 59<\/p>\n<p><strong>Taull M,<\/strong> 2008. Aprovechamiento silvopastoral en fincas privadas en Catalunya. <em>Silvicultura<\/em>. 57: 4 &#8211; 6\u00a0\u00a0\u00a0<\/p>\n<p><strong>Taull M, <\/strong>2008.<strong> <\/strong>\u00a0Aprovechamiento silvopastoral en Catalunya: situaci\u00f3n actual y retos de futuro. <em>Catalunya Forestal<\/em>. 89: 1 &#8211; 3\u00a0\u00a0\u00a0\u00a0\u00a0<\/p>\n<p>Baiges T, <strong>Taull M<\/strong>, <strong>Casals P<\/strong>. 2007. Gesti\u00f3n silvopastoral en Catalunya: de sistema productivo a herramienta de conservaci\u00f3n. <em>Cuadernos de la Sociedad Espa\u00f1ola de las Ciencias Forestales,<\/em> 22: 11 \u2013 16<\/p>\n<p>Oliver X, <strong>Casals P<\/strong>, Fanlo E, <strong>Garcia-Pausas J<\/strong>,\u00a0 2007. <em>Pulchea ovalis<\/em> (Pers.) DC., nueva cita en el valle del Sous (Marruecos). <em>Acta Botanica Malacitana<\/em>, 32: 1 \u2013 3<\/p>\n<p><strong>Taull M<\/strong>., <strong>Casals P<\/strong>, Sebasti\u00e0 MT, 2005. Valoraci\u00f3n de los recursos pastorales de la comarca de la Alta Ribagor\u00e7a (Pirineos Centrales, Catalunya): Repercursi\u00f3n sobre el proceso de conversi\u00f3n a ganader\u00eda ecol\u00f3gica. <em>Pastos<\/em>,\u00a0 35 (1) : 59 &#8211; 76<\/p>\n","protected":false},"excerpt":{"rendered":"<p>\u00a0Taull M, Vives A, Casals P. 2011. Efecto del pastoreo de ovejas sobre el estrato herb\u00e1ceo en franjas de protecci\u00f3n para incendios forestales. Cuaderno de la Sociedad Espa\u00f1ola de las\u00a0 Ciencias Forestales 33, 51 &#8211; 55\u00a0\u00a0\u00a0\u00a0\u00a0\u00a0\u00a0\u00a0\u00a0\u00a0\u00a0\u00a0\u00a0\u00a0\u00a0\u00a0\u00a0\u00a0\u00a0\u00a0\u00a0\u00a0\u00a0\u00a0\u00a0\u00a0\u00a0\u00a0\u00a0\u00a0\u00a0\u00a0 \u00a0\u00a0\u00a0\u00a0\u00a0\u00a0\u00a0\u00a0\u00a0\u00a0\u00a0 Taull M, Vives A, Casals P. 2011. Efecto del pastoreo de cabras sobre la estructura del sotobosque de &#8230; <a title=\"Other articles\" class=\"read-more\" href=\"https:\/\/silvopas.ctfc.cat\/?p=103\" aria-label=\"More on Other articles\">Read more<\/a><\/p>\n","protected":false},"author":2,"featured_media":0,"comment_status":"closed","ping_status":"closed","sticky":false,"template":"","format":"standard","meta":{"om_disable_all_campaigns":false,"_mi_skip_tracking":false},"categories":[4],"tags":[],"aioseo_notices":[],"_links":{"self":[{"href":"https:\/\/silvopas.ctfc.cat\/index.php?rest_route=\/wp\/v2\/posts\/103"}],"collection":[{"href":"https:\/\/silvopas.ctfc.cat\/index.php?rest_route=\/wp\/v2\/posts"}],"about":[{"href":"https:\/\/silvopas.ctfc.cat\/index.php?rest_route=\/wp\/v2\/types\/post"}],"author":[{"embeddable":true,"href":"https:\/\/silvopas.ctfc.cat\/index.php?rest_route=\/wp\/v2\/users\/2"}],"replies":[{"embeddable":true,"href":"https:\/\/silvopas.ctfc.cat\/index.php?rest_route=%2Fwp%2Fv2%2Fcomments&post=103"}],"version-history":[{"count":8,"href":"https:\/\/silvopas.ctfc.cat\/index.php?rest_route=\/wp\/v2\/posts\/103\/revisions"}],"predecessor-version":[{"id":426,"href":"https:\/\/silvopas.ctfc.cat\/index.php?rest_route=\/wp\/v2\/posts\/103\/revisions\/426"}],"wp:attachment":[{"href":"https:\/\/silvopas.ctfc.cat\/index.php?rest_route=%2Fwp%2Fv2%2Fmedia&parent=103"}],"wp:term":[{"taxonomy":"category","embeddable":true,"href":"https:\/\/silvopas.ctfc.cat\/index.php?rest_route=%2Fwp%2Fv2%2Fcategories&post=103"},{"taxonomy":"post_tag","embeddable":true,"href":"https:\/\/silvopas.ctfc.cat\/index.php?rest_route=%2Fwp%2Fv2%2Ftags&post=103"}],"curies":[{"name":"wp","href":"https:\/\/api.w.org\/{rel}","templated":true}]}}