{"id":105,"date":"2011-11-01T07:43:41","date_gmt":"2011-11-01T07:43:41","guid":{"rendered":"http:\/\/silvopas.ctfc.cat\/?p=105"},"modified":"2017-08-27T18:24:25","modified_gmt":"2017-08-27T18:24:25","slug":"book-chapters","status":"publish","type":"post","link":"https:\/\/silvopas.ctfc.cat\/?p=105","title":{"rendered":"Book chapters"},"content":{"rendered":"<p>Garcia-Pausas J, Romany\u00e0 J, Montan\u00e9 F, R\u00edos A, Taull M., Rovira P, Casals P, 2017. Are soil carbon stocks in mountain grasslands compromised by land-use changes?. In Jordi Catalan, Josep M\u00aa Ninot, Merce Aniz (Eds.) <span style=\"text-decoration: underline;\">High Mountain Conservation in a Changing World<\/span>. Advances in Global Change Research. Springer Open 9, pp. 207 -230.<\/p>\n<p>Bucheli P, Benjam\u00edn T, Rusch GM, Ibrahim M, <strong>Casals P<\/strong>, Pugnaire F, 2013, Estrategias de los \u00e1rboles en sistemas silvopastorales en el uso eficiente del agua y la tolerancia a la sequ\u00eda, In S\u00e1nchez D, Villanueva C, Rusch GM, Ibrahim M, DeClerck (eds.) Estado del recurso arb\u00f3reo en fincas ganaderas y su contribuci\u00f3n en la sostenibilidad de la producci\u00f3n en Rivas. Nicaragua. Pp.\u00a0 25 \u2013 30. Serie t\u00e9cnica. Bolet\u00edn t\u00e9cnico\/CATIE; n\u00ba60. ISBN: 978-9977-57-593-3, Turrialba, Costa Rica.<\/p>\n<p>Rusch GM, Zapata P, <strong>Casals P<\/strong>, Romero J, Sauceda M, Morales J, DeClerck F, 2013, Relaci\u00f3n de la cobertura arb\u00f3rea con la disponibilidad de pasto , In S\u00e1nchez D, Villanueva C, Rusch GM, Ibrahim M, DeClerck (eds.) Estado del recurso arb\u00f3reo en fincas ganaderas y su contribuci\u00f3n en la sostenibilidad de la producci\u00f3n en Rivas. Nicaragua. Pp.\u00a0 31 \u2013 35. Serie t\u00e9cnica. Bolet\u00edn t\u00e9cnico\/CATIE; n\u00ba60. ISBN: 978-9977-57-593-3, Turrialba, Costa Rica.<\/p>\n<p>Ninot, JM; Batllori, E; Carreras, J.; Carrillo, E.; <strong>Casals P.;<\/strong> Casas, C.; Grau, O.; Guti\u00e9rrez, E.; <strong>Montan\u00e9, F.;<\/strong> Puente, A.\u00a0 2011. <span style=\"text-decoration: underline;\">Reforestaci\u00f3n natural en el dominio de Pinus uncinata del Parque Nacional de Aig\u00fcestortes i Estany de Sant Maurci<\/span>. Ram\u00edrez, L. y Asensio B. (eds.). <strong>Proyectos de investigaci\u00f3n en parques nacionales: 2007-2010. Naturaleza y Parques Nacionales<\/strong>. Serie investigaci\u00f3n en la red. pp. 139 \u2013 158. Organismo Aut\u00f3nomo Parques Nacionales,\u00a0 Madrid.\u00a0 ISBN: 978-84-8014-805-4.<\/p>\n<p><strong>Casals P<\/strong>, Baiges T, Bota G, Chocarro C, de Bello F,\u00a0 Fanlo R, Sebasti\u00e0 MT, <strong>Taull M<\/strong>. 2009. Silvopastoral systems in the Northeastern Iberian Peninsula. A Multifunctional Perspective. In: Rigueiro-Rodr\u00edguez A, McAdam JH, Mosquera-Losada MR (Eds) Agroforestry in Europe: Current Status and Future Prospects. Springer-Berlag. ISBN 978-1-4020-8271-9, Cap. 9, pp. 161-181.<\/p>\n<p><strong>Rovira P<\/strong>, Romany\u00e0 J, Rubio A, Roca N, Alloza JA &amp; Vallejo VR. 2007. Carbono org\u00e1nico en los suelos peninsulares espa\u00f1oles. In: F. Bravo (ed),\u00a0 El papel de los bosques espa\u00f1oles en la mitigaci\u00f3n del Cambio Clim\u00e1tico. Fundaci\u00f3n Gas Natural. Pp. 197-222.<\/p>\n<p>Sebasti\u00e0 M.T., <strong>Casals P<\/strong>., Dom\u00ednguez G., Mart\u00edn Ll., Costa J. 2005.<span style=\"text-decoration: underline;\"> Agricultura i Silvicultura<\/span>. In: Llebot E. (ed) <strong>Informe sobre el canvi clim\u00e0tic a Catalunya<\/strong> <strong>I. <\/strong>Institut d\u2019Estudis Catalans \u2013 Xarxa Tem\u00e0tica Catalana sobre Canvi clim\u00e0tic, Barcelona. ISBN 84-7286-780-7. Volum XI, pp 367 \u2013 412.<\/p>\n<p>Vallejo VR, <strong>Rovira P<\/strong>, Romany\u00e0 J, Duguy B &amp; Sans MJ. 2005. Contenido de materia org\u00e1nica en los suelos espa\u00f1oles. In: A. Callaba, I. Iribarren &amp; P. Fern\u00e1ndez-Canteli (eds), Protecci\u00f3n del Suelo y Desarrollo Sostenible. Publicaciones del IGME, Serie Medio Ambiente, n\u00ba6. Pp. 11-22.<\/p>\n<p>Jorba M, Romany\u00e0 J, <strong>Rovira P<\/strong>, Hereter A, Josa R &amp; Vallejo VR. 2002. La restauraci\u00f3n ecol\u00f3gica aplicada a la miner\u00eda a cielo abierto en Catalu\u00f1a. InGeoPres 106: 56-63.<\/p>\n","protected":false},"excerpt":{"rendered":"<p>Garcia-Pausas J, Romany\u00e0 J, Montan\u00e9 F, R\u00edos A, Taull M., Rovira P, Casals P, 2017. Are soil carbon stocks in mountain grasslands compromised by land-use changes?. In Jordi Catalan, Josep M\u00aa Ninot, Merce Aniz (Eds.) High Mountain Conservation in a Changing World. Advances in Global Change Research. Springer Open 9, pp. 207 -230. Bucheli P, &#8230; <a title=\"Book chapters\" class=\"read-more\" href=\"https:\/\/silvopas.ctfc.cat\/?p=105\" aria-label=\"More on Book chapters\">Read more<\/a><\/p>\n","protected":false},"author":2,"featured_media":0,"comment_status":"closed","ping_status":"closed","sticky":false,"template":"","format":"standard","meta":{"om_disable_all_campaigns":false,"_mi_skip_tracking":false},"categories":[4],"tags":[],"aioseo_notices":[],"_links":{"self":[{"href":"https:\/\/silvopas.ctfc.cat\/index.php?rest_route=\/wp\/v2\/posts\/105"}],"collection":[{"href":"https:\/\/silvopas.ctfc.cat\/index.php?rest_route=\/wp\/v2\/posts"}],"about":[{"href":"https:\/\/silvopas.ctfc.cat\/index.php?rest_route=\/wp\/v2\/types\/post"}],"author":[{"embeddable":true,"href":"https:\/\/silvopas.ctfc.cat\/index.php?rest_route=\/wp\/v2\/users\/2"}],"replies":[{"embeddable":true,"href":"https:\/\/silvopas.ctfc.cat\/index.php?rest_route=%2Fwp%2Fv2%2Fcomments&post=105"}],"version-history":[{"count":5,"href":"https:\/\/silvopas.ctfc.cat\/index.php?rest_route=\/wp\/v2\/posts\/105\/revisions"}],"predecessor-version":[{"id":651,"href":"https:\/\/silvopas.ctfc.cat\/index.php?rest_route=\/wp\/v2\/posts\/105\/revisions\/651"}],"wp:attachment":[{"href":"https:\/\/silvopas.ctfc.cat\/index.php?rest_route=%2Fwp%2Fv2%2Fmedia&parent=105"}],"wp:term":[{"taxonomy":"category","embeddable":true,"href":"https:\/\/silvopas.ctfc.cat\/index.php?rest_route=%2Fwp%2Fv2%2Fcategories&post=105"},{"taxonomy":"post_tag","embeddable":true,"href":"https:\/\/silvopas.ctfc.cat\/index.php?rest_route=%2Fwp%2Fv2%2Ftags&post=105"}],"curies":[{"name":"wp","href":"https:\/\/api.w.org\/{rel}","templated":true}]}}